{"id":108512,"date":"2018-12-20T15:00:00","date_gmt":"2018-12-20T20:00:00","guid":{"rendered":"https:\/\/www.dacgroup.com\/laugmentation-du-temps-passe-sur-les-ecrans-et-ce-que-cela-signifie-pour-les-responsables-marketing-digital\/"},"modified":"2024-12-20T09:24:42","modified_gmt":"2024-12-20T14:24:42","slug":"laugmentation-du-temps-passe-sur-les-ecrans-et-ce-que-cela-signifie-pour-les-responsables-marketing-digital","status":"publish","type":"post","link":"https:\/\/www.dacgroup.com\/fr\/perspectives\/blog\/strategy\/laugmentation-du-temps-passe-sur-les-ecrans-et-ce-que-cela-signifie-pour-les-responsables-marketing-digital\/","title":{"rendered":"L\u2019augmentation du temps pass\u00e9 sur les \u00e9crans et ce que cela signifie pour les responsables marketing digital"},"content":{"rendered":"<p>Les smartphones ressemblent beaucoup \u00e0 la carpe asiatique. La carpe asiatique a \u00e9t\u00e9 introduite innocemment en Am\u00e9rique du Nord dans les ann\u00e9es 1960 afin de contr\u00f4ler la forte expansion des algues et des populations d\u2019escargots. Cependant, ce poisson est rapidement devenu l\u2019une des esp\u00e8ces les plus envahissantes, d\u00e9cimant la v\u00e9g\u00e9tation et d\u00e9truisant les habitats d\u2019innombrables esp\u00e8ces dans toutes les voies fluviales nord-am\u00e9ricaines.<\/p>\n<p>Alors pourquoi les smartphones peuvent-ils \u00eatre compar\u00e9s \u00e0 cette esp\u00e8ce de poisson ?<\/p>\n<p>Cette histoire d\u00e9bute aussi innocemment. Il y a dix ans, je me souviens tr\u00e8s bien avoir \u00e9t\u00e9 stup\u00e9fait en me rendant dans un Apple Store et en tenant dans mes mains pour la premi\u00e8re fois un iPhone. Nous avons tous souhait\u00e9 obtenir cette nouvelle merveille technologique agr\u00e9ment\u00e9e d\u2019applications install\u00e9es depuis l\u2019App Store telles que le Sabre Laser, la lampe torche ou encore l\u2019application iBeer (proposant une bi\u00e8re virtuelle \u00e0 boire avec des amis !)<\/p>\n<p>Dix ans plus tard, les smartphones sont quasiment devenus une extension de la main pour toutes celles et ceux \u00e2g\u00e9s de 12 ans et plus. Ils jouent en effet d\u00e9sormais une part importante de notre vie et \u00ab disruptent \u00bb notre travail, nos amiti\u00e9s, nos relations amoureuses, le commerce, le transport, etc.<\/p>\n<p>Les smartphones sont omnipr\u00e9sents. Mais cette omnipr\u00e9sence peut se r\u00e9v\u00e9ler \u00eatre une qualit\u00e9 dangereuse car il nous est difficile de remarquer quelque chose qui est <em>partout<\/em>. Cette ignorance peut g\u00e9n\u00e9rer des effets insidieux. Une invasion silencieuse peut litt\u00e9ralement se produire sous nos yeux sans que personne ne la remarque.<\/p>\n<p>Derri\u00e8re leur confort ind\u00e9niable d\u2019utilisation, les smartphones ont donn\u00e9 naissance en l\u2019espace de dix ans \u00e0 un service pouvant perturber discr\u00e8tement nos habitudes, nos r\u00e9flexions, nos relations, notre sommeil, notre capacit\u00e9 d\u2019attention, nos id\u00e9es politiques, notre vie priv\u00e9e et notre confiance \u2013 et l\u2019inqui\u00e9tude croissance associ\u00e9e \u00e0 cette technologie invasive devient impossible \u00e0 ignorer.<\/p>\n<p>En 2108, ce sujet a <em>enfin<\/em> \u00e9merg\u00e9 au sein du discours public. Les fabricants de smartphones proposent d\u00e9sormais des tableaux de bord pour nous aider \u00e0 reprendre le contr\u00f4le et surveiller notre utilisation. Les parents peuvent limiter le temps d\u2019utilisation des smartphones par leurs enfants et \u00e9norm\u00e9ment de personnes <a href=\"https:\/\/nypost.com\/2018\/06\/25\/nearly-half-of-social-media-users-deleted-one-account-in-the-past-year\/\" target=\"_blank\" rel=\"noopener\">suppriment les applications des r\u00e9seaux sociaux<\/a> de leurs t\u00e9l\u00e9phones. En 2018, nous pourrions tr\u00e8s bien avoir atteint le \u00ab pic \u00bb en termes d\u2019usage de smartphones.<\/p>\n<p>2019 sera une ann\u00e9e d\u00e9terminante pour les smartphones. Beaucoup d\u2019entre nous comprendront qu\u2019il leur faut r\u00e9duire leur temps d\u2019utilisation ce qui repr\u00e9sente une avanc\u00e9e importante. Des habitudes plus saines vont ainsi \u00eatre adopt\u00e9es, mais que cela signifie pour les responsables\/directeurs digitaux ?<\/p>\n<h2>Qui r\u00e9duira dans les faits son temps d\u2019utilisation ?<\/h2>\n<p><img loading=\"lazy\" decoding=\"async\" class=\"alignnone wp-image-36221 size-full\" src=\"\/wpe-content\/uploads\/2018\/11\/Who\u2019s-Actually-Reducing-Screen-Time_.jpg\" alt=\"Jeune homme allong\u00e9 sur un canap\u00e9 consultant un smartphone \" width=\"860\" height=\"430\" \/><\/p>\n<p>Vous avez probablement vu rapidement d\u00e9filer ou lu des articles sur les r\u00e9seaux sociaux, vous encourageant \u00e0 diner sans votre smartphone, \u00e0 d\u00e9sactiver les notifications voire \u00e0 vous \u00ab d\u00e9sintoxiquer \u00bb num\u00e9riquement parlant. Une inqui\u00e9tude grandit au sein du grand public.<\/p>\n<p>Selon une enqu\u00eate men\u00e9e par <a href=\"http:\/\/www.pewresearch.org\/fact-tank\/2018\/09\/05\/americans-are-changing-their-relationship-with-facebook\/\" target=\"_blank\" rel=\"noopener\">Pew Research<\/a>, 42% des utilisateurs de Facebook \u00e2g\u00e9s de 18 \u00e0 54 ans ont d\u00e9clar\u00e9 avoir arr\u00eat\u00e9 de consulter le r\u00e9seau social depuis plusieurs semaines ou plus. 26% d\u00e9claraient avoir supprim\u00e9 l\u2019application de leur smartphone.<\/p>\n<p>Les parents soucieux des effets qu\u2019ont ces appareils sur le cerveau des plus jeunes peuvent en cons\u00e9quence revoir leurs habitudes. La <a href=\"https:\/\/ifstudies.org\/blog\/technoference-in-parenting-is-your-mobile-device-distracting-you-from-your-child\" target=\"_blank\" rel=\"noopener\">\u201cTechnoference\u201d<\/a> qui peut \u00eatre traduit par \u00ab interf\u00e9rence de la technologie \u00bb est le terme utilis\u00e9 par les psychologues afin de d\u00e9crire les effets n\u00e9gatifs qu\u2019ont les appareils mobiles sur les relations familiales et sur le comportement des enfants.<\/p>\n<p>Le fait d\u2019admettre que vous avez une addiction aux smartphone est le principal indicateur d\u2019une r\u00e9duction du temps pass\u00e9 devant un \u00e9cran. Alors, lorsqu\u2019une <a href=\"https:\/\/globalnews.ca\/news\/4315717\/parents-smartphone-addiction-children-behavioural-issues\/\" target=\"_blank\" rel=\"noopener\">\u00e9tude r\u00e9cente<\/a> indique que 40% des m\u00e8res et 32% des p\u00e8res admettent avoir une sorte d\u2019addiction aux t\u00e9l\u00e9phones, un changement important dans les comportements se profile \u00e0 l\u2019horizon.<\/p>\n<p>Associons cela \u00e0 ce que nous avons r\u00e9cemment appris lors d\u2019une conf\u00e9rence organis\u00e9e par Adobe : Nous nous attendons \u00e0 ce que les millenials <a href=\"http:\/\/www.pewresearch.org\/fact-tank\/2018\/03\/01\/millennials-overtake-baby-boomers\/\" target=\"_blank\" rel=\"noopener\">d\u00e9passent les baby-boomers<\/a> et deviennent les plus gros acheteurs en ligne d\u00e8s l\u2019ann\u00e9e prochaine. Conscients de leur exposition aux \u00e9crans, les Millenials grandissent et repr\u00e9sentent ainsi une part importante de la population.<\/p>\n<section data-role=\"forward-email-subscription-container\" class=\"full-width w-100 d-flex justify-content-center align-items-center bg-c7f2b3\">\n    \n    <div class=\"max-w-1400 w-100 form\">\n        <div class=\"text-content-container\">\n            <h2>\n                Plus de nouvelles            <\/h2>\n            <p class=\"subtitle\">\n                Recevez des analyses exclusives sur<br class=\"d-none d-lg-block\"> les principales tendances du digital, directement dans votre bo\u00eete mail.            <\/p>\n        <\/div>\n\n        <div data-role=\"form-group\">\n            <div class=\"d-flex flex-column w-100\">\n                <form data-forward-email-form class='custom-hubspot-form' id='hubspot_form_69f4abec609af'>\n    <div class='d-flex input'>\n        <input type='email' class='form-control me-2 input' placeholder='Courriel' aria-label='Email' name='email' required>\n        <button type='submit' class='btn_primary-filled_white'>Soumettre<\/button>\n    <\/div>\n    <p class='hubspot-status'><\/p>\n<\/form>\n<script>\njQuery(document).ready(function($) {\n    var form = $('#hubspot_form_69f4abec609af');\n    form.on('submit', function(event) {\n        event.preventDefault();\n\n        \/\/ Get email input value\n        var emailInput = form.find('input[name=\"email\"]');\n        var email = emailInput.val().trim();\n\n        \/\/ Required HubSpot fields\n        var portalId = '5408011';\n        var formId = '94901490-bbd4-411e-b605-43504b151185';\n\n        \/\/ Prepare the data payload\n        var data = {\n            fields: [\n                {\n                    name: 'email',\n                    value: email\n                }\n            ],\n            context: {\n                pageUri: window.location.href,\n                pageName: document.title\n            },\n            submittedAt: new Date().getTime()\n        };\n\n        \/\/ Get the status element for this form\n        var statusElement = form.siblings('.forward-email-status-container');\n\n        \/\/ Send the data to HubSpot\n        fetch('https:\/\/api.hsforms.com\/submissions\/v3\/integration\/submit\/5408011\/94901490-bbd4-411e-b605-43504b151185', {\n            method: 'POST',\n            headers: {\n                'Content-Type': 'application\/json'\n            },\n            body: JSON.stringify(data)\n        })\n        .then(response => {\n            if (response.ok) {\n                if(statusElement) {\n                    statusElement.text('Merci de vous \u00eatre abonn\u00e9(e) !');\n                    statusElement.css('color', 'green');\n                }\n\n                var userInfo = JSON.parse(localStorage.getItem('userInfo'));\n                if (userInfo) {\n                    userInfo.event = 'Form_submit';\n                    userInfo.email = email;\n                    userInfo.form_name = 'Newsletter';\n                    window.dataLayer = window.dataLayer || [];\n                    window.dataLayer.push(userInfo);\n                }\n\n                emailInput.val(''); \/\/ Clear the email field\n                window.dispatchEvent(new CustomEvent('newsletter-submit'));\n            } else {\n                return response.json().then(error => {\n                    if(statusElement) {\n                        statusElement.text('Error: ' + error.message);\n                        statusElement.css({\n                            'color': 'red',\n                            'padding-top': '10px'\n                        });\n                    }\n                });\n            }\n        })\n        .catch(error => {\n            console.error('Error:', error);\n            statusElement.text(\"Une erreur s'est produite lors de la soumission du formulaire.\");\n            statusElement.css({\n                'color': 'red',\n                'padding-top': '10px'\n            });\n        });\n    });\n\n    window.addEventListener('message', function(event) {\n        const isFormCallback = event.data.type === 'hsFormCallback';\n        const isFormSubmitted = event.data.eventName === 'onFormSubmitted';\n        const iscurrentForm = !!event?.data?.id ? '94901490-bbd4-411e-b605-43504b151185'.trim() == event?.data?.id : false; \n\n        if( isFormCallback && isFormSubmitted && iscurrentForm ) {\n            console.log('event', event);\n            window.location.href = 'https:\/\/www.dacgroup.com\/fr\/merci\/';\n        }\n    });\n});\n<\/script>                <span class=\"forward-email-status-container\"><\/span>\n            <\/div>\n\n            <button id=\"forward-form-submission\" class=\"subscribe-btn\" type=\"button\" onclick=\"triggerButton(this)\">\n                <span class=\"d-inline-block\">\n                    SOUMETTRE                <\/span>\n                <span class=\"d-inline-block bell-container\">\n                    <svg width=\"28\" height=\"28\" viewBox=\"0 0 24 24\" fill=\"none\" xmlns=\"http:\/\/www.w3.org\/2000\/svg\">\n                        <path fill-rule=\"evenodd\" clip-rule=\"evenodd\" d=\"M3.5458 14.4774L4.50055 13.234C4.50657 11.8629 4.56791 9.80824 5.17539 8.00401C5.52706 6.95953 6.09459 5.89126 7.03537 5.08C7.70533 4.50227 8.51103 4.10149 9.44696 3.90922C9.50872 3.69984 9.5922 3.49047 9.70471 3.28979C9.91134 2.92122 10.2194 2.57523 10.654 2.33189C11.0827 2.09183 11.5478 2 12 2C12.4355 2 12.8969 2.08208 13.3272 2.31763C13.7695 2.55969 14.0812 2.91045 14.2866 3.28943C14.3999 3.49849 14.4813 3.71787 14.5396 3.93682C15.5444 4.18145 16.3788 4.69659 17.0444 5.38131C17.9498 6.3126 18.4937 7.50224 18.8321 8.60503C19.3645 10.3395 19.4725 12.1499 19.4944 13.1421C19.9371 13.6338 20.3502 14.1627 20.6914 14.626C21.9447 16.3277 20.6148 18.5001 18.7001 18.5001L5.52863 18.5C3.45543 18.5 2.28314 16.1217 3.5458 14.4774Z\" stroke=\"#171616\" \/>\n                        <path fill-rule=\"evenodd\" clip-rule=\"evenodd\" d=\"M9.0857 19.3749C9.431 19.1461 9.89639 19.2405 10.1252 19.5858C10.874 20.7159 12.7481 21.0858 13.9 19.5501C14.1485 19.2187 14.6186 19.1516 14.95 19.4001C15.2813 19.6486 15.3485 20.1187 15.1 20.4501C13.2518 22.9143 10.126 22.3027 8.87475 20.4143C8.64596 20.069 8.74041 19.6037 9.0857 19.3749Z\" fill=\"#171616\" \/>\n                    <\/svg>\n                <\/span>\n            <\/button>\n        <\/div>\n    <\/div>\n\n    \n    <script>\n        function triggerButton(button) {\n\n            var container = button.closest('[data-role=\"forward-email-subscription-container\"]');\n            var form = container.querySelector('[data-forward-email-form]');\n\n            if (form) {\n                jQuery(form).find(\"button[type='submit']\").trigger('click');\n            }\n        }\n    <\/script>\n\n<\/section>\n\n\n<h2>Ne faites pas la m\u00eame erreur deux fois<\/h2>\n<p><img loading=\"lazy\" decoding=\"async\" class=\"alignnone wp-image-36203 size-full\" src=\"\/wpe-content\/uploads\/2018\/11\/Don\u2019t-Make-the-Same-Mistake-Twice.jpg\" alt=\"Vue d\u2019une route menant \u00e0 des montagnes depuis le si\u00e8ge d\u2019un conducteur de voiture\" width=\"860\" height=\"430\" \/><\/p>\n<p>Les responsables Data souffrent souvent du syndrome du r\u00e9troviseur. Ils limitent leurs analyses \u00e0 l\u2019historique des donn\u00e9es clients. Faites-nous confiance, il s\u2019agit d\u2019une m\u00e9thode quelque peu hasardeuse car les clients tout comme les plateformes media \u00e9voluent tr\u00e8s rapidement. Si Facebook et Instagram sont chahut\u00e9s, alors, mettre tous ces \u0153ufs dans ce m\u00eame panier social pourrait ne pas \u00eatre la meilleure des d\u00e9cisions, peu importe les r\u00e9sultats de l\u2019ann\u00e9e pass\u00e9e.<\/p>\n<p>D\u00e9sol\u00e9 pour cette courte interruption mais une question \u00e9conomique peut \u00eatre pos\u00e9e. Un produit ou un service propos\u00e9 dans une quantit\u00e9 r\u00e9duite ou limit\u00e9e, connaissant une forte demande, verra-t-il son prix augmenter ou diminuer ? Une r\u00e9ponse\u2026 quelqu\u2019un ?<br \/>\n<em>Prix \u00e9lev\u00e9<\/em>. En effet, la loi de l\u2019offre et de la demande indique qu\u2019une diminution du temps pass\u00e9 sur Instagram implique une diminution de l\u2019inventaire publicitaire et en cons\u00e9quence une hausse des tarifs due \u00e0 une concurrence accrue entre les annonceurs. Difficile de trouver un argument contre ce constat.<\/p>\n<p>Mais attention, plus les prix augmentent, plus il est commun de voir des slogans tels que \u00ab Gagnez en efficacit\u00e9 \u00bb, \u00ab Optimisez \u00bb, \u00ab Personnalisez le contenu \u00bb, \u00ab Segmentez \u00bb, \u00ab Ajoutez de l\u2019intelligence artificielle \u00bb !<\/p>\n<p>Certes, les individus conscients de leur utilisation des \u00e9crans peuvent faire augmenter les co\u00fbts, ce qui peut d\u00e9plaire, mais il est d\u00e9plac\u00e9 de penser que cette attention peut de nouveau \u00eatre captur\u00e9e \u00e0 l\u2019aide d\u2019un autre media ou par un <a href=\"https:\/\/fr.wikipedia.org\/wiki\/%C3%89conomie_de_la_surveillance\" target=\"_blank\" rel=\"noopener\">une \u00e9conomie de la surveillance<\/a>.<\/p>\n<p>Nous ne pourrons pas trouver de solutions en fouillant dans les donn\u00e9es du pass\u00e9 ou en superposant diverses technologies publicitaires. Les individus soucieux de leur utilisation de solutions digitales sont partiellement immunis\u00e9s contre les nombreuses astuces d\u00e9ploy\u00e9es et les poursuivre reviendrait \u00e0 les rendre encore plus hostiles. En outre, ne chercher pas \u00e0 les forcer \u00e0 rester alors qu\u2019ils souhaitent partir, cela serait tout \u00e0 fait \u00e9go\u00efste. Ayons une approche plus moderne, plus humaine.<\/p>\n<h2>L\u2019opportunit\u00e9 d\u2019une approche \u00e9thique<\/h2>\n<p><img loading=\"lazy\" decoding=\"async\" class=\"alignnone wp-image-36215 size-full\" src=\"\/wpe-content\/uploads\/2018\/11\/The-Opportunity-for-an-Ethical-Hedge.jpg\" alt=\"Jeune homme se tenant sur un rocher surplombant des montagnes\" width=\"860\" height=\"430\" \/><\/p>\n<p>Le premier \u00e9l\u00e9ment \u00e0 red\u00e9finir concerne nos attentes en mati\u00e8re de performance pour 2019. Un ralentissement est in\u00e9vitable, du moins pour certains segments de population. Nous devons consacrer la puissance des analyses afin de quantifier ce ralentissement, d\u2019ajuster nos mod\u00e8les de pr\u00e9vision et ainsi augmenter les capacit\u00e9s des leviers marketing.<\/p>\n<p>Ce risque de ralentissement des performances ouvre la voie \u00e0 des exp\u00e9rimentations d\u2019ordre plus \u00e9thique.  Comme l\u2019a d\u00e9clar\u00e9 Craig Davis, ancien responsable de la cr\u00e9ation chez J. Walter Thompson, \u00ab Nous devons cesser d\u2019interrompre ce qui int\u00e9resse les gens et devenir ce qui les int\u00e9resse \u00bb. Le marketing digital peut si souvent \u00eatre focalis\u00e9 sur le ROAS (Return On Ad Spend) qu\u2019il en oublie d\u2019investir patiemment dans des ressources permettant de construire sur le long terme des relations solides, stables et croissantes avec son audience.<\/p>\n<p>Le r\u00e9cent livre de Lazar Dzamic et Justin Kirby sur <a href=\"https:\/\/www.amazon.com\/Definitive-Guide-Strategic-Content-Marketing\/dp\/0749482222\/ref=sr_1_1?s=books&amp;ie=UTF8&amp;qid=1541608955&amp;sr=1-1&amp;refinements=p_27%3ALazar+Dzamic\" target=\"_blank\" rel=\"noopener\">contenu marketing strat\u00e9gique <\/a> d\u00e9crit tr\u00e8s bien le cadre permettant de r\u00e9soudre ce probl\u00e8me. Les auteurs sugg\u00e8rent que les efforts marketing r\u00e9ussis r\u00e9pondent \u00e0 deux objectifs simultan\u00e9s : l\u2019intention d\u2019utilit\u00e9 et la r\u00e9sonance \u00e9motionnelle. L\u2019intention d\u2019utilit\u00e9 qui permet de mesurer la capacit\u00e9 d\u2019une marque \u00e0 communiquer un contenu utile, orient\u00e9 sur les r\u00e9ponses, devrait permettre d\u2019aller plus loin que les habituels \u00ab Call to action \u00bb et recherches de mots cl\u00e9s.  La r\u00e9sonance \u00e9motionnelle connecte un consommateur \u00e0 un niveau personnel, permettant de gagner en valeur gr\u00e2ce \u00e0 une contenu int\u00e9ressant, donc recherch\u00e9 et partag\u00e9.<\/p>\n<p>Mais ce type de marketing ne doit pas forc\u00e9ment \u00eatre long \u00e0 mettre en place. Les auteurs sugg\u00e8rent que le contenu \u00e9motionnellement pertinent ne doit pas \u00eatre n\u00e9cessairement long et co\u00fbteux, pas plus qu\u2019un contenu utile doit \u00eatre ennuyeux. En constituant une \u00e9quipe diversifi\u00e9e, comprenant des experts de la donn\u00e9e, des concepteurs UX, des account planners et des talents cr\u00e9atifs, nous pouvons progressivement faire face non seulement \u00e0 la temp\u00eate qui s\u2019annonce mais \u00e9galement \u00e0 l\u2019avenir digital.<\/p>\n<p>C\u2019est une exp\u00e9rience dans laquelle il faut investir. Il s\u2019agit d\u2019une approche centr\u00e9e sur l\u2019humain. C\u2019est fascinant et inspirant car cela permet d\u2019\u00e9voluer sans pour autant abandonner nos habitudes de vie.<\/p>\n<p><em>Pr\u00eats \u00e0 cr\u00e9er un contenu pertinent ? Nous pouvons vous aider. <a href=\"\/fr\/contactez-nous\/\">Contactez-nous<\/a>.<\/em><\/p>\n","protected":false},"excerpt":{"rendered":"<p>Les smartphones ressemblent beaucoup \u00e0 la carpe asiatique. La carpe asiatique a \u00e9t\u00e9 introduite innocemment en Am\u00e9rique du Nord dans les ann\u00e9es 1960 afin de contr\u00f4ler la forte expansion des algues et des populations d\u2019escargots. Cependant, ce poisson est rapidement devenu l\u2019une des esp\u00e8ces les plus envahissantes, d\u00e9cimant la v\u00e9g\u00e9tation et d\u00e9truisant les habitats d\u2019innombrables [&hellip;]<\/p>\n","protected":false},"author":46,"featured_media":108502,"comment_status":"open","ping_status":"open","sticky":false,"template":"","format":"standard","meta":{"content-type":"","reading_level":"Strategic","reading_level_confidence":0.78,"reading_level_needs_review":"0","footnotes":""},"categories":[2905],"tags":[984,1005,970,930,1071,1077],"class_list":["post-108512","post","type-post","status-publish","format-standard","has-post-thumbnail","hentry","category-strategy","tag-content-5","tag-digital-advertising-3","tag-digital-marketing-5","tag-social-media-3","tag-technology-6","tag-trends-3"],"acf":[],"yoast_head":"<!-- This site is optimized with the Yoast SEO plugin v23.7 - https:\/\/yoast.com\/wordpress\/plugins\/seo\/ -->\n<title>L\u2019augmentation du temps pass\u00e9 sur les \u00e9crans et ce que cela signifie pour les responsables marketing digital | DAC<\/title>\n<meta name=\"description\" content=\"Alors que les consommateurs r\u00e9duisent de mani\u00e8re intentionnelle leur temps pass\u00e9 devant les \u00e9crans, comment les responsables et directeurs marketing digital doivent-ils s\u2019adapter ? D\u00e9couvrez comment cette tendance ouvre les portes d\u2019une nouvelle approche.\" \/>\n<meta name=\"robots\" content=\"index, follow, max-snippet:-1, max-image-preview:large, max-video-preview:-1\" \/>\n<link rel=\"canonical\" href=\"https:\/\/www.dacgroup.com\/fr\/perspectives\/blog\/strategy\/laugmentation-du-temps-passe-sur-les-ecrans-et-ce-que-cela-signifie-pour-les-responsables-marketing-digital\/\" \/>\n<meta property=\"og:locale\" content=\"fr_FR\" \/>\n<meta property=\"og:type\" content=\"article\" \/>\n<meta property=\"og:title\" content=\"L\u2019augmentation du temps pass\u00e9 sur les \u00e9crans et ce que cela signifie pour les responsables marketing digital | DAC\" \/>\n<meta property=\"og:description\" content=\"Alors que les consommateurs r\u00e9duisent de mani\u00e8re intentionnelle leur temps pass\u00e9 devant les \u00e9crans, comment les responsables et directeurs marketing digital doivent-ils s\u2019adapter ? D\u00e9couvrez comment cette tendance ouvre les portes d\u2019une nouvelle approche.\" \/>\n<meta property=\"og:url\" content=\"https:\/\/www.dacgroup.com\/fr\/perspectives\/blog\/strategy\/laugmentation-du-temps-passe-sur-les-ecrans-et-ce-que-cela-signifie-pour-les-responsables-marketing-digital\/\" \/>\n<meta property=\"og:site_name\" content=\"DAC\" \/>\n<meta property=\"article:publisher\" content=\"https:\/\/www.facebook.com\/DACGroup\" \/>\n<meta property=\"article:published_time\" content=\"2018-12-20T20:00:00+00:00\" \/>\n<meta property=\"article:modified_time\" content=\"2024-12-20T14:24:42+00:00\" \/>\n<meta property=\"og:image\" content=\"https:\/\/www.dacgroup.com\/wp-content\/uploads\/2024\/12\/Smartphones-and-Asian-Carp.jpg\" \/>\n\t<meta property=\"og:image:width\" content=\"860\" \/>\n\t<meta property=\"og:image:height\" content=\"430\" \/>\n\t<meta property=\"og:image:type\" content=\"image\/jpeg\" \/>\n<meta name=\"author\" content=\"Kuhan Puvanesasingham\" \/>\n<meta name=\"twitter:card\" content=\"summary_large_image\" \/>\n<meta name=\"twitter:image\" content=\"https:\/\/www.dacgroup.com\/wp-content\/uploads\/2024\/09\/DAC-logo.svg\" \/>\n<meta name=\"twitter:creator\" content=\"@DAC_group\" \/>\n<meta name=\"twitter:site\" content=\"@DAC_group\" \/>\n<meta name=\"twitter:label1\" content=\"Written by\" \/>\n\t<meta name=\"twitter:data1\" content=\"Kuhan Puvanesasingham\" \/>\n\t<meta name=\"twitter:label2\" content=\"Est. reading time\" \/>\n\t<meta name=\"twitter:data2\" content=\"7 minutes\" \/>\n<script type=\"application\/ld+json\" class=\"yoast-schema-graph\">{\"@context\":\"https:\/\/schema.org\",\"@graph\":[{\"@type\":\"Article\",\"@id\":\"https:\/\/www.dacgroup.com\/fr\/perspectives\/blog\/strategy\/laugmentation-du-temps-passe-sur-les-ecrans-et-ce-que-cela-signifie-pour-les-responsables-marketing-digital\/#article\",\"isPartOf\":{\"@id\":\"https:\/\/www.dacgroup.com\/fr\/perspectives\/blog\/strategy\/laugmentation-du-temps-passe-sur-les-ecrans-et-ce-que-cela-signifie-pour-les-responsables-marketing-digital\/\"},\"author\":{\"name\":\"Kuhan Puvanesasingham\",\"@id\":\"https:\/\/www.dacgroup.com\/fr\/#\/schema\/person\/fd1531dd45a62fc9c7aad38046c9a732\"},\"headline\":\"L\u2019augmentation du temps pass\u00e9 sur les \u00e9crans et ce que cela signifie pour les responsables marketing digital\",\"datePublished\":\"2018-12-20T20:00:00+00:00\",\"dateModified\":\"2024-12-20T14:24:42+00:00\",\"mainEntityOfPage\":{\"@id\":\"https:\/\/www.dacgroup.com\/fr\/perspectives\/blog\/strategy\/laugmentation-du-temps-passe-sur-les-ecrans-et-ce-que-cela-signifie-pour-les-responsables-marketing-digital\/\"},\"wordCount\":1517,\"commentCount\":0,\"publisher\":{\"@id\":\"https:\/\/www.dacgroup.com\/fr\/#organization\"},\"image\":{\"@id\":\"https:\/\/www.dacgroup.com\/fr\/perspectives\/blog\/strategy\/laugmentation-du-temps-passe-sur-les-ecrans-et-ce-que-cela-signifie-pour-les-responsables-marketing-digital\/#primaryimage\"},\"thumbnailUrl\":\"https:\/\/www.dacgroup.com\/wp-content\/uploads\/2024\/12\/Smartphones-and-Asian-Carp.jpg\",\"keywords\":[\"content\",\"digital advertising\",\"digital marketing\",\"social media\",\"technology\",\"trends\"],\"articleSection\":[\"Strat\u00e9gie\"],\"inLanguage\":\"fr-FR\",\"potentialAction\":[{\"@type\":\"CommentAction\",\"name\":\"Comment\",\"target\":[\"https:\/\/www.dacgroup.com\/fr\/perspectives\/blog\/strategy\/laugmentation-du-temps-passe-sur-les-ecrans-et-ce-que-cela-signifie-pour-les-responsables-marketing-digital\/#respond\"]}]},{\"@type\":\"WebPage\",\"@id\":\"https:\/\/www.dacgroup.com\/fr\/perspectives\/blog\/strategy\/laugmentation-du-temps-passe-sur-les-ecrans-et-ce-que-cela-signifie-pour-les-responsables-marketing-digital\/\",\"url\":\"https:\/\/www.dacgroup.com\/fr\/perspectives\/blog\/strategy\/laugmentation-du-temps-passe-sur-les-ecrans-et-ce-que-cela-signifie-pour-les-responsables-marketing-digital\/\",\"name\":\"L\u2019augmentation du temps pass\u00e9 sur les \u00e9crans et ce que cela signifie pour les responsables marketing digital | DAC\",\"isPartOf\":{\"@id\":\"https:\/\/www.dacgroup.com\/fr\/#website\"},\"primaryImageOfPage\":{\"@id\":\"https:\/\/www.dacgroup.com\/fr\/perspectives\/blog\/strategy\/laugmentation-du-temps-passe-sur-les-ecrans-et-ce-que-cela-signifie-pour-les-responsables-marketing-digital\/#primaryimage\"},\"image\":{\"@id\":\"https:\/\/www.dacgroup.com\/fr\/perspectives\/blog\/strategy\/laugmentation-du-temps-passe-sur-les-ecrans-et-ce-que-cela-signifie-pour-les-responsables-marketing-digital\/#primaryimage\"},\"thumbnailUrl\":\"https:\/\/www.dacgroup.com\/wp-content\/uploads\/2024\/12\/Smartphones-and-Asian-Carp.jpg\",\"datePublished\":\"2018-12-20T20:00:00+00:00\",\"dateModified\":\"2024-12-20T14:24:42+00:00\",\"description\":\"Alors que les consommateurs r\u00e9duisent de mani\u00e8re intentionnelle leur temps pass\u00e9 devant les \u00e9crans, comment les responsables et directeurs marketing digital doivent-ils s\u2019adapter ? D\u00e9couvrez comment cette tendance ouvre les portes d\u2019une nouvelle approche.\",\"breadcrumb\":{\"@id\":\"https:\/\/www.dacgroup.com\/fr\/perspectives\/blog\/strategy\/laugmentation-du-temps-passe-sur-les-ecrans-et-ce-que-cela-signifie-pour-les-responsables-marketing-digital\/#breadcrumb\"},\"inLanguage\":\"fr-FR\",\"potentialAction\":[{\"@type\":\"ReadAction\",\"target\":[\"https:\/\/www.dacgroup.com\/fr\/perspectives\/blog\/strategy\/laugmentation-du-temps-passe-sur-les-ecrans-et-ce-que-cela-signifie-pour-les-responsables-marketing-digital\/\"]}]},{\"@type\":\"ImageObject\",\"inLanguage\":\"fr-FR\",\"@id\":\"https:\/\/www.dacgroup.com\/fr\/perspectives\/blog\/strategy\/laugmentation-du-temps-passe-sur-les-ecrans-et-ce-que-cela-signifie-pour-les-responsables-marketing-digital\/#primaryimage\",\"url\":\"https:\/\/www.dacgroup.com\/wp-content\/uploads\/2024\/12\/Smartphones-and-Asian-Carp.jpg\",\"contentUrl\":\"https:\/\/www.dacgroup.com\/wp-content\/uploads\/2024\/12\/Smartphones-and-Asian-Carp.jpg\",\"width\":860,\"height\":430,\"caption\":\"||||\"},{\"@type\":\"BreadcrumbList\",\"@id\":\"https:\/\/www.dacgroup.com\/fr\/perspectives\/blog\/strategy\/laugmentation-du-temps-passe-sur-les-ecrans-et-ce-que-cela-signifie-pour-les-responsables-marketing-digital\/#breadcrumb\",\"itemListElement\":[{\"@type\":\"ListItem\",\"position\":1,\"name\":\"Home\",\"item\":\"https:\/\/www.dacgroup.com\/fr\/\"},{\"@type\":\"ListItem\",\"position\":2,\"name\":\"L\u2019augmentation du temps pass\u00e9 sur les \u00e9crans et ce que cela signifie pour les responsables marketing digital\"}]},{\"@type\":\"WebSite\",\"@id\":\"https:\/\/www.dacgroup.com\/fr\/#website\",\"url\":\"https:\/\/www.dacgroup.com\/fr\/\",\"name\":\"DAC group\",\"description\":\"DAC\",\"publisher\":{\"@id\":\"https:\/\/www.dacgroup.com\/fr\/#organization\"},\"potentialAction\":[{\"@type\":\"SearchAction\",\"target\":{\"@type\":\"EntryPoint\",\"urlTemplate\":\"https:\/\/www.dacgroup.com\/fr\/?s={search_term_string}\"},\"query-input\":{\"@type\":\"PropertyValueSpecification\",\"valueRequired\":true,\"valueName\":\"search_term_string\"}}],\"inLanguage\":\"fr-FR\"},{\"@type\":\"Organization\",\"@id\":\"https:\/\/www.dacgroup.com\/fr\/#organization\",\"name\":\"DAC group\",\"alternateName\":\"DAC\",\"url\":\"https:\/\/www.dacgroup.com\/fr\/\",\"logo\":{\"@type\":\"ImageObject\",\"inLanguage\":\"fr-FR\",\"@id\":\"https:\/\/www.dacgroup.com\/fr\/#\/schema\/logo\/image\/\",\"url\":\"https:\/\/www.dacgroup.com\/wp-content\/uploads\/2024\/09\/DAC-logo.svg\",\"contentUrl\":\"https:\/\/www.dacgroup.com\/wp-content\/uploads\/2024\/09\/DAC-logo.svg\",\"caption\":\"DAC group\"},\"image\":{\"@id\":\"https:\/\/www.dacgroup.com\/fr\/#\/schema\/logo\/image\/\"},\"sameAs\":[\"https:\/\/www.facebook.com\/DACGroup\",\"https:\/\/x.com\/DAC_group\",\"https:\/\/www.linkedin.com\/company\/dac-group\/\",\"https:\/\/www.instagram.com\/dac_group\/\",\"https:\/\/www.youtube.com\/user\/DACgroup1976\"]},{\"@type\":\"Person\",\"@id\":\"https:\/\/www.dacgroup.com\/fr\/#\/schema\/person\/fd1531dd45a62fc9c7aad38046c9a732\",\"name\":\"Kuhan Puvanesasingham\",\"image\":{\"@type\":\"ImageObject\",\"inLanguage\":\"fr-FR\",\"@id\":\"https:\/\/www.dacgroup.com\/fr\/#\/schema\/person\/image\/\",\"url\":\"https:\/\/secure.gravatar.com\/avatar\/1bc25ccacc1f33410a029fcc28338abae8ac17bd4f60eee603061c69a87edfe9?s=96&d=mm&r=g\",\"contentUrl\":\"https:\/\/secure.gravatar.com\/avatar\/1bc25ccacc1f33410a029fcc28338abae8ac17bd4f60eee603061c69a87edfe9?s=96&d=mm&r=g\",\"caption\":\"Kuhan Puvanesasingham\"},\"description\":\"Kuhan Puvanesasingham, the Director of Business Intelligence at DAC, began his tenure at the company in 2014. With a strong background in mathematics and actuarial science, Kuhan transitioned from the insurance industry to his current role. Leading a dynamic team, he finds his job truly captivating as it involves addressing the distinct challenges faced by a multitude of clients using data-driven solutions. Kuhan's exceptional expertise enables him to navigate complex data landscapes and provide invaluable insights. With a passion for problem-solving and a supportive team, he remains dedicated to assisting clients in overcoming their unique obstacles through the power of business intelligence.\",\"sameAs\":[\"https:\/\/www.linkedin.com\/in\/kuhan-puvanesasingham-b888511a\/\"]}]}<\/script>\n<!-- \/ Yoast SEO plugin. -->","yoast_head_json":{"title":"L\u2019augmentation du temps pass\u00e9 sur les \u00e9crans et ce que cela signifie pour les responsables marketing digital | DAC","description":"Alors que les consommateurs r\u00e9duisent de mani\u00e8re intentionnelle leur temps pass\u00e9 devant les \u00e9crans, comment les responsables et directeurs marketing digital doivent-ils s\u2019adapter ? D\u00e9couvrez comment cette tendance ouvre les portes d\u2019une nouvelle approche.","robots":{"index":"index","follow":"follow","max-snippet":"max-snippet:-1","max-image-preview":"max-image-preview:large","max-video-preview":"max-video-preview:-1"},"canonical":"https:\/\/www.dacgroup.com\/fr\/perspectives\/blog\/strategy\/laugmentation-du-temps-passe-sur-les-ecrans-et-ce-que-cela-signifie-pour-les-responsables-marketing-digital\/","og_locale":"fr_FR","og_type":"article","og_title":"L\u2019augmentation du temps pass\u00e9 sur les \u00e9crans et ce que cela signifie pour les responsables marketing digital | DAC","og_description":"Alors que les consommateurs r\u00e9duisent de mani\u00e8re intentionnelle leur temps pass\u00e9 devant les \u00e9crans, comment les responsables et directeurs marketing digital doivent-ils s\u2019adapter ? D\u00e9couvrez comment cette tendance ouvre les portes d\u2019une nouvelle approche.","og_url":"https:\/\/www.dacgroup.com\/fr\/perspectives\/blog\/strategy\/laugmentation-du-temps-passe-sur-les-ecrans-et-ce-que-cela-signifie-pour-les-responsables-marketing-digital\/","og_site_name":"DAC","article_publisher":"https:\/\/www.facebook.com\/DACGroup","article_published_time":"2018-12-20T20:00:00+00:00","article_modified_time":"2024-12-20T14:24:42+00:00","og_image":[{"width":860,"height":430,"url":"https:\/\/www.dacgroup.com\/wp-content\/uploads\/2024\/12\/Smartphones-and-Asian-Carp.jpg","type":"image\/jpeg"}],"author":"Kuhan Puvanesasingham","twitter_card":"summary_large_image","twitter_image":"https:\/\/www.dacgroup.com\/wp-content\/uploads\/2024\/09\/DAC-logo.svg","twitter_creator":"@DAC_group","twitter_site":"@DAC_group","twitter_misc":{"Written by":"Kuhan Puvanesasingham","Est. reading time":"7 minutes"},"schema":{"@context":"https:\/\/schema.org","@graph":[{"@type":"Article","@id":"https:\/\/www.dacgroup.com\/fr\/perspectives\/blog\/strategy\/laugmentation-du-temps-passe-sur-les-ecrans-et-ce-que-cela-signifie-pour-les-responsables-marketing-digital\/#article","isPartOf":{"@id":"https:\/\/www.dacgroup.com\/fr\/perspectives\/blog\/strategy\/laugmentation-du-temps-passe-sur-les-ecrans-et-ce-que-cela-signifie-pour-les-responsables-marketing-digital\/"},"author":{"name":"Kuhan Puvanesasingham","@id":"https:\/\/www.dacgroup.com\/fr\/#\/schema\/person\/fd1531dd45a62fc9c7aad38046c9a732"},"headline":"L\u2019augmentation du temps pass\u00e9 sur les \u00e9crans et ce que cela signifie pour les responsables marketing digital","datePublished":"2018-12-20T20:00:00+00:00","dateModified":"2024-12-20T14:24:42+00:00","mainEntityOfPage":{"@id":"https:\/\/www.dacgroup.com\/fr\/perspectives\/blog\/strategy\/laugmentation-du-temps-passe-sur-les-ecrans-et-ce-que-cela-signifie-pour-les-responsables-marketing-digital\/"},"wordCount":1517,"commentCount":0,"publisher":{"@id":"https:\/\/www.dacgroup.com\/fr\/#organization"},"image":{"@id":"https:\/\/www.dacgroup.com\/fr\/perspectives\/blog\/strategy\/laugmentation-du-temps-passe-sur-les-ecrans-et-ce-que-cela-signifie-pour-les-responsables-marketing-digital\/#primaryimage"},"thumbnailUrl":"https:\/\/www.dacgroup.com\/wp-content\/uploads\/2024\/12\/Smartphones-and-Asian-Carp.jpg","keywords":["content","digital advertising","digital marketing","social media","technology","trends"],"articleSection":["Strat\u00e9gie"],"inLanguage":"fr-FR","potentialAction":[{"@type":"CommentAction","name":"Comment","target":["https:\/\/www.dacgroup.com\/fr\/perspectives\/blog\/strategy\/laugmentation-du-temps-passe-sur-les-ecrans-et-ce-que-cela-signifie-pour-les-responsables-marketing-digital\/#respond"]}]},{"@type":"WebPage","@id":"https:\/\/www.dacgroup.com\/fr\/perspectives\/blog\/strategy\/laugmentation-du-temps-passe-sur-les-ecrans-et-ce-que-cela-signifie-pour-les-responsables-marketing-digital\/","url":"https:\/\/www.dacgroup.com\/fr\/perspectives\/blog\/strategy\/laugmentation-du-temps-passe-sur-les-ecrans-et-ce-que-cela-signifie-pour-les-responsables-marketing-digital\/","name":"L\u2019augmentation du temps pass\u00e9 sur les \u00e9crans et ce que cela signifie pour les responsables marketing digital | DAC","isPartOf":{"@id":"https:\/\/www.dacgroup.com\/fr\/#website"},"primaryImageOfPage":{"@id":"https:\/\/www.dacgroup.com\/fr\/perspectives\/blog\/strategy\/laugmentation-du-temps-passe-sur-les-ecrans-et-ce-que-cela-signifie-pour-les-responsables-marketing-digital\/#primaryimage"},"image":{"@id":"https:\/\/www.dacgroup.com\/fr\/perspectives\/blog\/strategy\/laugmentation-du-temps-passe-sur-les-ecrans-et-ce-que-cela-signifie-pour-les-responsables-marketing-digital\/#primaryimage"},"thumbnailUrl":"https:\/\/www.dacgroup.com\/wp-content\/uploads\/2024\/12\/Smartphones-and-Asian-Carp.jpg","datePublished":"2018-12-20T20:00:00+00:00","dateModified":"2024-12-20T14:24:42+00:00","description":"Alors que les consommateurs r\u00e9duisent de mani\u00e8re intentionnelle leur temps pass\u00e9 devant les \u00e9crans, comment les responsables et directeurs marketing digital doivent-ils s\u2019adapter ? D\u00e9couvrez comment cette tendance ouvre les portes d\u2019une nouvelle approche.","breadcrumb":{"@id":"https:\/\/www.dacgroup.com\/fr\/perspectives\/blog\/strategy\/laugmentation-du-temps-passe-sur-les-ecrans-et-ce-que-cela-signifie-pour-les-responsables-marketing-digital\/#breadcrumb"},"inLanguage":"fr-FR","potentialAction":[{"@type":"ReadAction","target":["https:\/\/www.dacgroup.com\/fr\/perspectives\/blog\/strategy\/laugmentation-du-temps-passe-sur-les-ecrans-et-ce-que-cela-signifie-pour-les-responsables-marketing-digital\/"]}]},{"@type":"ImageObject","inLanguage":"fr-FR","@id":"https:\/\/www.dacgroup.com\/fr\/perspectives\/blog\/strategy\/laugmentation-du-temps-passe-sur-les-ecrans-et-ce-que-cela-signifie-pour-les-responsables-marketing-digital\/#primaryimage","url":"https:\/\/www.dacgroup.com\/wp-content\/uploads\/2024\/12\/Smartphones-and-Asian-Carp.jpg","contentUrl":"https:\/\/www.dacgroup.com\/wp-content\/uploads\/2024\/12\/Smartphones-and-Asian-Carp.jpg","width":860,"height":430,"caption":"||||"},{"@type":"BreadcrumbList","@id":"https:\/\/www.dacgroup.com\/fr\/perspectives\/blog\/strategy\/laugmentation-du-temps-passe-sur-les-ecrans-et-ce-que-cela-signifie-pour-les-responsables-marketing-digital\/#breadcrumb","itemListElement":[{"@type":"ListItem","position":1,"name":"Home","item":"https:\/\/www.dacgroup.com\/fr\/"},{"@type":"ListItem","position":2,"name":"L\u2019augmentation du temps pass\u00e9 sur les \u00e9crans et ce que cela signifie pour les responsables marketing digital"}]},{"@type":"WebSite","@id":"https:\/\/www.dacgroup.com\/fr\/#website","url":"https:\/\/www.dacgroup.com\/fr\/","name":"DAC group","description":"DAC","publisher":{"@id":"https:\/\/www.dacgroup.com\/fr\/#organization"},"potentialAction":[{"@type":"SearchAction","target":{"@type":"EntryPoint","urlTemplate":"https:\/\/www.dacgroup.com\/fr\/?s={search_term_string}"},"query-input":{"@type":"PropertyValueSpecification","valueRequired":true,"valueName":"search_term_string"}}],"inLanguage":"fr-FR"},{"@type":"Organization","@id":"https:\/\/www.dacgroup.com\/fr\/#organization","name":"DAC group","alternateName":"DAC","url":"https:\/\/www.dacgroup.com\/fr\/","logo":{"@type":"ImageObject","inLanguage":"fr-FR","@id":"https:\/\/www.dacgroup.com\/fr\/#\/schema\/logo\/image\/","url":"https:\/\/www.dacgroup.com\/wp-content\/uploads\/2024\/09\/DAC-logo.svg","contentUrl":"https:\/\/www.dacgroup.com\/wp-content\/uploads\/2024\/09\/DAC-logo.svg","caption":"DAC group"},"image":{"@id":"https:\/\/www.dacgroup.com\/fr\/#\/schema\/logo\/image\/"},"sameAs":["https:\/\/www.facebook.com\/DACGroup","https:\/\/x.com\/DAC_group","https:\/\/www.linkedin.com\/company\/dac-group\/","https:\/\/www.instagram.com\/dac_group\/","https:\/\/www.youtube.com\/user\/DACgroup1976"]},{"@type":"Person","@id":"https:\/\/www.dacgroup.com\/fr\/#\/schema\/person\/fd1531dd45a62fc9c7aad38046c9a732","name":"Kuhan Puvanesasingham","image":{"@type":"ImageObject","inLanguage":"fr-FR","@id":"https:\/\/www.dacgroup.com\/fr\/#\/schema\/person\/image\/","url":"https:\/\/secure.gravatar.com\/avatar\/1bc25ccacc1f33410a029fcc28338abae8ac17bd4f60eee603061c69a87edfe9?s=96&d=mm&r=g","contentUrl":"https:\/\/secure.gravatar.com\/avatar\/1bc25ccacc1f33410a029fcc28338abae8ac17bd4f60eee603061c69a87edfe9?s=96&d=mm&r=g","caption":"Kuhan Puvanesasingham"},"description":"Kuhan Puvanesasingham, the Director of Business Intelligence at DAC, began his tenure at the company in 2014. With a strong background in mathematics and actuarial science, Kuhan transitioned from the insurance industry to his current role. Leading a dynamic team, he finds his job truly captivating as it involves addressing the distinct challenges faced by a multitude of clients using data-driven solutions. Kuhan's exceptional expertise enables him to navigate complex data landscapes and provide invaluable insights. With a passion for problem-solving and a supportive team, he remains dedicated to assisting clients in overcoming their unique obstacles through the power of business intelligence.","sameAs":["https:\/\/www.linkedin.com\/in\/kuhan-puvanesasingham-b888511a\/"]}]}},"_links":{"self":[{"href":"https:\/\/www.dacgroup.com\/fr\/wp-json\/wp\/v2\/posts\/108512","targetHints":{"allow":["GET"]}}],"collection":[{"href":"https:\/\/www.dacgroup.com\/fr\/wp-json\/wp\/v2\/posts"}],"about":[{"href":"https:\/\/www.dacgroup.com\/fr\/wp-json\/wp\/v2\/types\/post"}],"author":[{"embeddable":true,"href":"https:\/\/www.dacgroup.com\/fr\/wp-json\/wp\/v2\/users\/46"}],"replies":[{"embeddable":true,"href":"https:\/\/www.dacgroup.com\/fr\/wp-json\/wp\/v2\/comments?post=108512"}],"version-history":[{"count":1,"href":"https:\/\/www.dacgroup.com\/fr\/wp-json\/wp\/v2\/posts\/108512\/revisions"}],"predecessor-version":[{"id":108513,"href":"https:\/\/www.dacgroup.com\/fr\/wp-json\/wp\/v2\/posts\/108512\/revisions\/108513"}],"wp:featuredmedia":[{"embeddable":true,"href":"https:\/\/www.dacgroup.com\/fr\/wp-json\/wp\/v2\/media\/108502"}],"wp:attachment":[{"href":"https:\/\/www.dacgroup.com\/fr\/wp-json\/wp\/v2\/media?parent=108512"}],"wp:term":[{"taxonomy":"category","embeddable":true,"href":"https:\/\/www.dacgroup.com\/fr\/wp-json\/wp\/v2\/categories?post=108512"},{"taxonomy":"post_tag","embeddable":true,"href":"https:\/\/www.dacgroup.com\/fr\/wp-json\/wp\/v2\/tags?post=108512"}],"curies":[{"name":"wp","href":"https:\/\/api.w.org\/{rel}","templated":true}]}}